{"id":2573,"date":"2013-02-02T21:38:33","date_gmt":"2013-02-02T20:38:33","guid":{"rendered":"https:\/\/www.patagonia-biking.com\/patagonia-australe-e-terra-del-fuoco-privato\/"},"modified":"2017-03-08T20:32:17","modified_gmt":"2017-03-08T19:32:17","slug":"patagonia-australe-e-terra-del-fuoco-privato","status":"publish","type":"post","link":"https:\/\/www.patagonia-biking.com\/es\/patagonia-australe-e-terra-del-fuoco-privato\/","title":{"rendered":"La Patagonia en un viaje privado."},"content":{"rendered":"<p>Louise y Timothy, una pareja de Santa Rosa (California), nos contrataron para que los acompa\u00f1\u00e1ramos a ellos solos en la traves\u00eda que solemos hacer desde Calafate a Ushuaia.<\/p>\n<p>Este viaje les permiti\u00f3 realizar algunas variantes y tener acceso a otros lugares a los que no hubieran podido acceder con un grupo de varias personas. Tambi\u00e9n tuvieron la ocasi\u00f3n de compartir mucho m\u00e1s tiempo con nosotros, de lo que solemos estar con otros ciclistas y tenemos que destacar, que afortunadamente, su presencia se transform\u00f3 en una agradable compa\u00f1\u00eda. Pocas veces durante el recorrido se encontraron solos y tuvieron la ocasi\u00f3n de descubrir a los animales que pueblan la \u00absoledad patag\u00f3nica\u00bb, en situaciones cotidianas. De modo privado y sin estar jam\u00e1s solos, pudieron percibir que la Patagonia es vida y hay criaturas y seres en cada rinc\u00f3n de la estepa.<\/p>\n<p>Hasta la fecha: \u00abPatagonia-Biking\u00bb, lleva realizados 108 viajes, de los cuales 9 fueron realizados para grupos privados de amigos, como programas especiales. Un servicio exclusivo para aquellos que deseen armar un viaje a medida, con inquietudes particulares, para sus amigos o parientes. Como siempre, te invitamos a compartir m\u00e1s fotos, a participar de los pr\u00f3ximos viajes en Europa durante mayo, junio y julio (Traves\u00eda por el norte de Italia y Traves\u00eda de los Alpes) \u00f3 a que tambi\u00e9n puedas \u00abarmar tu propio viaje\u00bb con nosotros.<\/p>\n<p>Todav\u00eda nos quedan lugares para nuestra Vuelta de Cuba (20 de abril al 1\u00ba de mayo)! Cont\u00e1ctenos para reservar su lugar!<\/p>\n<p>Aqu\u00ed les acercamos algunas fotos de nuestra traves\u00eda por Patagonia.<\/p>\n","protected":false},"excerpt":{"rendered":"<p>Louise y Timothy, una pareja de Santa Rosa (California), nos contrataron para que los acompa\u00f1\u00e1ramos a ellos solos en la traves\u00eda que solemos hacer desde Calafate a Ushuaia. Este viaje les permiti\u00f3 realizar algunas variantes y tener acceso a otros lugares a los que no hubieran podido acceder con un grupo de varias personas. Tambi\u00e9n [&hellip;]<\/p>\n","protected":false},"author":7,"featured_media":1934,"comment_status":"closed","ping_status":"closed","sticky":false,"template":"","format":"standard","meta":{"footnotes":""},"categories":[],"types":[46],"class_list":["post-2573","post","type-post","status-publish","format-standard","has-post-thumbnail","hentry","types-travels-es"],"yoast_head":"<!-- This site is optimized with the Yoast SEO plugin v28.2 - https:\/\/yoast.com\/product\/yoast-seo-wordpress\/ -->\n<title>La Patagonia en un viaje privado.- Patagonia Biking<\/title>\n<meta name=\"description\" content=\"La Patagonia en un viaje privado. bike travelPatagonia Biking Organizamos viajes de cicloturismo en Sudam\u00e9rica, Centroam\u00e9rica, Europa y Asia, descubriendo lugares remotos con naturaleza intacta y paisajes \u00fanicos.\" \/>\n<meta name=\"robots\" content=\"index, follow, max-snippet:-1, max-image-preview:large, max-video-preview:-1\" \/>\n<link rel=\"canonical\" href=\"https:\/\/www.patagonia-biking.com\/es\/patagonia-australe-e-terra-del-fuoco-privato\/\" \/>\n<meta property=\"og:locale\" content=\"es_ES\" \/>\n<meta property=\"og:type\" content=\"article\" \/>\n<meta property=\"og:title\" content=\"La Patagonia en un viaje privado.- Patagonia Biking\" \/>\n<meta property=\"og:description\" content=\"La Patagonia en un viaje privado. bike travelPatagonia Biking Organizamos viajes de cicloturismo en Sudam\u00e9rica, Centroam\u00e9rica, Europa y Asia, descubriendo lugares remotos con naturaleza intacta y paisajes \u00fanicos.\" \/>\n<meta property=\"og:url\" content=\"https:\/\/www.patagonia-biking.com\/es\/patagonia-australe-e-terra-del-fuoco-privato\/\" \/>\n<meta property=\"og:site_name\" content=\"Patagonia Biking\" \/>\n<meta property=\"article:publisher\" content=\"https:\/\/www.facebook.com\/PatagoniaBiking\" \/>\n<meta property=\"article:published_time\" content=\"2013-02-02T20:38:33+00:00\" \/>\n<meta property=\"article:modified_time\" content=\"2017-03-08T19:32:17+00:00\" \/>\n<meta property=\"og:image\" content=\"https:\/\/www.patagonia-biking.com\/wp-content\/uploads\/2013\/02\/01.jpg\" \/>\n\t<meta property=\"og:image:width\" content=\"600\" \/>\n\t<meta property=\"og:image:height\" content=\"400\" \/>\n\t<meta property=\"og:image:type\" content=\"image\/jpeg\" \/>\n<meta name=\"author\" content=\"Marco Guerini\" \/>\n<meta name=\"twitter:card\" content=\"summary_large_image\" \/>\n<meta name=\"twitter:label1\" content=\"Escrito por\" \/>\n\t<meta name=\"twitter:data1\" content=\"Marco Guerini\" \/>\n\t<meta name=\"twitter:label2\" content=\"Tiempo de lectura\" \/>\n\t<meta name=\"twitter:data2\" content=\"1 minuto\" \/>\n<script type=\"application\/ld+json\" class=\"yoast-schema-graph\">{\"@context\":\"https:\\\/\\\/schema.org\",\"@graph\":[{\"@type\":\"Article\",\"@id\":\"https:\\\/\\\/www.patagonia-biking.com\\\/es\\\/patagonia-australe-e-terra-del-fuoco-privato\\\/#article\",\"isPartOf\":{\"@id\":\"https:\\\/\\\/www.patagonia-biking.com\\\/es\\\/patagonia-australe-e-terra-del-fuoco-privato\\\/\"},\"author\":{\"name\":\"Marco Guerini\",\"@id\":\"https:\\\/\\\/www.patagonia-biking.com\\\/#\\\/schema\\\/person\\\/5d67a20c2e2ef06652b94ce55b6370d1\"},\"headline\":\"La Patagonia en un viaje privado.\",\"datePublished\":\"2013-02-02T20:38:33+00:00\",\"dateModified\":\"2017-03-08T19:32:17+00:00\",\"mainEntityOfPage\":{\"@id\":\"https:\\\/\\\/www.patagonia-biking.com\\\/es\\\/patagonia-australe-e-terra-del-fuoco-privato\\\/\"},\"wordCount\":273,\"publisher\":{\"@id\":\"https:\\\/\\\/www.patagonia-biking.com\\\/#organization\"},\"image\":{\"@id\":\"https:\\\/\\\/www.patagonia-biking.com\\\/es\\\/patagonia-australe-e-terra-del-fuoco-privato\\\/#primaryimage\"},\"thumbnailUrl\":\"https:\\\/\\\/www.patagonia-biking.com\\\/wp-content\\\/uploads\\\/2013\\\/02\\\/01.jpg\",\"inLanguage\":\"es\"},{\"@type\":\"WebPage\",\"@id\":\"https:\\\/\\\/www.patagonia-biking.com\\\/es\\\/patagonia-australe-e-terra-del-fuoco-privato\\\/\",\"url\":\"https:\\\/\\\/www.patagonia-biking.com\\\/es\\\/patagonia-australe-e-terra-del-fuoco-privato\\\/\",\"name\":\"La Patagonia en un viaje privado.- Patagonia Biking\",\"isPartOf\":{\"@id\":\"https:\\\/\\\/www.patagonia-biking.com\\\/#website\"},\"primaryImageOfPage\":{\"@id\":\"https:\\\/\\\/www.patagonia-biking.com\\\/es\\\/patagonia-australe-e-terra-del-fuoco-privato\\\/#primaryimage\"},\"image\":{\"@id\":\"https:\\\/\\\/www.patagonia-biking.com\\\/es\\\/patagonia-australe-e-terra-del-fuoco-privato\\\/#primaryimage\"},\"thumbnailUrl\":\"https:\\\/\\\/www.patagonia-biking.com\\\/wp-content\\\/uploads\\\/2013\\\/02\\\/01.jpg\",\"datePublished\":\"2013-02-02T20:38:33+00:00\",\"dateModified\":\"2017-03-08T19:32:17+00:00\",\"description\":\"La Patagonia en un viaje privado. bike travelPatagonia Biking Organizamos viajes de cicloturismo en Sudam\u00e9rica, Centroam\u00e9rica, Europa y Asia, descubriendo lugares remotos con naturaleza intacta y paisajes \u00fanicos.\",\"breadcrumb\":{\"@id\":\"https:\\\/\\\/www.patagonia-biking.com\\\/es\\\/patagonia-australe-e-terra-del-fuoco-privato\\\/#breadcrumb\"},\"inLanguage\":\"es\",\"potentialAction\":[{\"@type\":\"ReadAction\",\"target\":[\"https:\\\/\\\/www.patagonia-biking.com\\\/es\\\/patagonia-australe-e-terra-del-fuoco-privato\\\/\"]}]},{\"@type\":\"ImageObject\",\"inLanguage\":\"es\",\"@id\":\"https:\\\/\\\/www.patagonia-biking.com\\\/es\\\/patagonia-australe-e-terra-del-fuoco-privato\\\/#primaryimage\",\"url\":\"https:\\\/\\\/www.patagonia-biking.com\\\/wp-content\\\/uploads\\\/2013\\\/02\\\/01.jpg\",\"contentUrl\":\"https:\\\/\\\/www.patagonia-biking.com\\\/wp-content\\\/uploads\\\/2013\\\/02\\\/01.jpg\",\"width\":600,\"height\":400},{\"@type\":\"BreadcrumbList\",\"@id\":\"https:\\\/\\\/www.patagonia-biking.com\\\/es\\\/patagonia-australe-e-terra-del-fuoco-privato\\\/#breadcrumb\",\"itemListElement\":[{\"@type\":\"ListItem\",\"position\":1,\"name\":\"Home\",\"item\":\"https:\\\/\\\/www.patagonia-biking.com\\\/es\\\/\"},{\"@type\":\"ListItem\",\"position\":2,\"name\":\"La Patagonia en un viaje privado.\"}]},{\"@type\":\"WebSite\",\"@id\":\"https:\\\/\\\/www.patagonia-biking.com\\\/#website\",\"url\":\"https:\\\/\\\/www.patagonia-biking.com\\\/\",\"name\":\"Patagonia Biking\",\"description\":\"Organizamos viajes de cicloturismo en Sudam\u00e9rica, Centroam\u00e9rica, Europa y Asia, descubriendo lugares remotos con naturaleza intacta y paisajes \u00fanicos.\",\"publisher\":{\"@id\":\"https:\\\/\\\/www.patagonia-biking.com\\\/#organization\"},\"alternateName\":\"Patagonia-Biking.com\",\"potentialAction\":[{\"@type\":\"SearchAction\",\"target\":{\"@type\":\"EntryPoint\",\"urlTemplate\":\"https:\\\/\\\/www.patagonia-biking.com\\\/?s={search_term_string}\"},\"query-input\":{\"@type\":\"PropertyValueSpecification\",\"valueRequired\":true,\"valueName\":\"search_term_string\"}}],\"inLanguage\":\"es\"},{\"@type\":\"Organization\",\"@id\":\"https:\\\/\\\/www.patagonia-biking.com\\\/#organization\",\"name\":\"Patagonia Biking\",\"alternateName\":\"patagonia-biking.com\",\"url\":\"https:\\\/\\\/www.patagonia-biking.com\\\/\",\"logo\":{\"@type\":\"ImageObject\",\"inLanguage\":\"es\",\"@id\":\"https:\\\/\\\/www.patagonia-biking.com\\\/#\\\/schema\\\/logo\\\/image\\\/\",\"url\":\"https:\\\/\\\/i0.wp.com\\\/www.patagonia-biking.com\\\/wp-content\\\/uploads\\\/2025\\\/05\\\/Marca-x696.jpg?fit=696%2C696&ssl=1\",\"contentUrl\":\"https:\\\/\\\/i0.wp.com\\\/www.patagonia-biking.com\\\/wp-content\\\/uploads\\\/2025\\\/05\\\/Marca-x696.jpg?fit=696%2C696&ssl=1\",\"width\":696,\"height\":696,\"caption\":\"Patagonia Biking\"},\"image\":{\"@id\":\"https:\\\/\\\/www.patagonia-biking.com\\\/#\\\/schema\\\/logo\\\/image\\\/\"},\"sameAs\":[\"https:\\\/\\\/www.facebook.com\\\/PatagoniaBiking\",\"https:\\\/\\\/www.instagram.com\\\/patagoniabiking\\\/\"]},{\"@type\":\"Person\",\"@id\":\"https:\\\/\\\/www.patagonia-biking.com\\\/#\\\/schema\\\/person\\\/5d67a20c2e2ef06652b94ce55b6370d1\",\"name\":\"Marco Guerini\",\"image\":{\"@type\":\"ImageObject\",\"inLanguage\":\"es\",\"@id\":\"https:\\\/\\\/secure.gravatar.com\\\/avatar\\\/b27e81392f9243fe6a228c5fa05206200b1add6b4ffa9dc28806fbd8edf5d638?s=96&d=mm&r=g\",\"url\":\"https:\\\/\\\/secure.gravatar.com\\\/avatar\\\/b27e81392f9243fe6a228c5fa05206200b1add6b4ffa9dc28806fbd8edf5d638?s=96&d=mm&r=g\",\"contentUrl\":\"https:\\\/\\\/secure.gravatar.com\\\/avatar\\\/b27e81392f9243fe6a228c5fa05206200b1add6b4ffa9dc28806fbd8edf5d638?s=96&d=mm&r=g\",\"caption\":\"Marco Guerini\"},\"url\":\"https:\\\/\\\/www.patagonia-biking.com\\\/es\\\/author\\\/marco\\\/\"}]}<\/script>\n<!-- \/ Yoast SEO plugin. -->","yoast_head_json":{"title":"La Patagonia en un viaje privado.- Patagonia Biking","description":"La Patagonia en un viaje privado. bike travelPatagonia Biking Organizamos viajes de cicloturismo en Sudam\u00e9rica, Centroam\u00e9rica, Europa y Asia, descubriendo lugares remotos con naturaleza intacta y paisajes \u00fanicos.","robots":{"index":"index","follow":"follow","max-snippet":"max-snippet:-1","max-image-preview":"max-image-preview:large","max-video-preview":"max-video-preview:-1"},"canonical":"https:\/\/www.patagonia-biking.com\/es\/patagonia-australe-e-terra-del-fuoco-privato\/","og_locale":"es_ES","og_type":"article","og_title":"La Patagonia en un viaje privado.- Patagonia Biking","og_description":"La Patagonia en un viaje privado. bike travelPatagonia Biking Organizamos viajes de cicloturismo en Sudam\u00e9rica, Centroam\u00e9rica, Europa y Asia, descubriendo lugares remotos con naturaleza intacta y paisajes \u00fanicos.","og_url":"https:\/\/www.patagonia-biking.com\/es\/patagonia-australe-e-terra-del-fuoco-privato\/","og_site_name":"Patagonia Biking","article_publisher":"https:\/\/www.facebook.com\/PatagoniaBiking","article_published_time":"2013-02-02T20:38:33+00:00","article_modified_time":"2017-03-08T19:32:17+00:00","og_image":[{"width":600,"height":400,"url":"https:\/\/www.patagonia-biking.com\/wp-content\/uploads\/2013\/02\/01.jpg","type":"image\/jpeg"}],"author":"Marco Guerini","twitter_card":"summary_large_image","twitter_misc":{"Escrito por":"Marco Guerini","Tiempo de lectura":"1 minuto"},"schema":{"@context":"https:\/\/schema.org","@graph":[{"@type":"Article","@id":"https:\/\/www.patagonia-biking.com\/es\/patagonia-australe-e-terra-del-fuoco-privato\/#article","isPartOf":{"@id":"https:\/\/www.patagonia-biking.com\/es\/patagonia-australe-e-terra-del-fuoco-privato\/"},"author":{"name":"Marco Guerini","@id":"https:\/\/www.patagonia-biking.com\/#\/schema\/person\/5d67a20c2e2ef06652b94ce55b6370d1"},"headline":"La Patagonia en un viaje privado.","datePublished":"2013-02-02T20:38:33+00:00","dateModified":"2017-03-08T19:32:17+00:00","mainEntityOfPage":{"@id":"https:\/\/www.patagonia-biking.com\/es\/patagonia-australe-e-terra-del-fuoco-privato\/"},"wordCount":273,"publisher":{"@id":"https:\/\/www.patagonia-biking.com\/#organization"},"image":{"@id":"https:\/\/www.patagonia-biking.com\/es\/patagonia-australe-e-terra-del-fuoco-privato\/#primaryimage"},"thumbnailUrl":"https:\/\/www.patagonia-biking.com\/wp-content\/uploads\/2013\/02\/01.jpg","inLanguage":"es"},{"@type":"WebPage","@id":"https:\/\/www.patagonia-biking.com\/es\/patagonia-australe-e-terra-del-fuoco-privato\/","url":"https:\/\/www.patagonia-biking.com\/es\/patagonia-australe-e-terra-del-fuoco-privato\/","name":"La Patagonia en un viaje privado.- Patagonia Biking","isPartOf":{"@id":"https:\/\/www.patagonia-biking.com\/#website"},"primaryImageOfPage":{"@id":"https:\/\/www.patagonia-biking.com\/es\/patagonia-australe-e-terra-del-fuoco-privato\/#primaryimage"},"image":{"@id":"https:\/\/www.patagonia-biking.com\/es\/patagonia-australe-e-terra-del-fuoco-privato\/#primaryimage"},"thumbnailUrl":"https:\/\/www.patagonia-biking.com\/wp-content\/uploads\/2013\/02\/01.jpg","datePublished":"2013-02-02T20:38:33+00:00","dateModified":"2017-03-08T19:32:17+00:00","description":"La Patagonia en un viaje privado. bike travelPatagonia Biking Organizamos viajes de cicloturismo en Sudam\u00e9rica, Centroam\u00e9rica, Europa y Asia, descubriendo lugares remotos con naturaleza intacta y paisajes \u00fanicos.","breadcrumb":{"@id":"https:\/\/www.patagonia-biking.com\/es\/patagonia-australe-e-terra-del-fuoco-privato\/#breadcrumb"},"inLanguage":"es","potentialAction":[{"@type":"ReadAction","target":["https:\/\/www.patagonia-biking.com\/es\/patagonia-australe-e-terra-del-fuoco-privato\/"]}]},{"@type":"ImageObject","inLanguage":"es","@id":"https:\/\/www.patagonia-biking.com\/es\/patagonia-australe-e-terra-del-fuoco-privato\/#primaryimage","url":"https:\/\/www.patagonia-biking.com\/wp-content\/uploads\/2013\/02\/01.jpg","contentUrl":"https:\/\/www.patagonia-biking.com\/wp-content\/uploads\/2013\/02\/01.jpg","width":600,"height":400},{"@type":"BreadcrumbList","@id":"https:\/\/www.patagonia-biking.com\/es\/patagonia-australe-e-terra-del-fuoco-privato\/#breadcrumb","itemListElement":[{"@type":"ListItem","position":1,"name":"Home","item":"https:\/\/www.patagonia-biking.com\/es\/"},{"@type":"ListItem","position":2,"name":"La Patagonia en un viaje privado."}]},{"@type":"WebSite","@id":"https:\/\/www.patagonia-biking.com\/#website","url":"https:\/\/www.patagonia-biking.com\/","name":"Patagonia Biking","description":"Organizamos viajes de cicloturismo en Sudam\u00e9rica, Centroam\u00e9rica, Europa y Asia, descubriendo lugares remotos con naturaleza intacta y paisajes \u00fanicos.","publisher":{"@id":"https:\/\/www.patagonia-biking.com\/#organization"},"alternateName":"Patagonia-Biking.com","potentialAction":[{"@type":"SearchAction","target":{"@type":"EntryPoint","urlTemplate":"https:\/\/www.patagonia-biking.com\/?s={search_term_string}"},"query-input":{"@type":"PropertyValueSpecification","valueRequired":true,"valueName":"search_term_string"}}],"inLanguage":"es"},{"@type":"Organization","@id":"https:\/\/www.patagonia-biking.com\/#organization","name":"Patagonia Biking","alternateName":"patagonia-biking.com","url":"https:\/\/www.patagonia-biking.com\/","logo":{"@type":"ImageObject","inLanguage":"es","@id":"https:\/\/www.patagonia-biking.com\/#\/schema\/logo\/image\/","url":"https:\/\/i0.wp.com\/www.patagonia-biking.com\/wp-content\/uploads\/2025\/05\/Marca-x696.jpg?fit=696%2C696&ssl=1","contentUrl":"https:\/\/i0.wp.com\/www.patagonia-biking.com\/wp-content\/uploads\/2025\/05\/Marca-x696.jpg?fit=696%2C696&ssl=1","width":696,"height":696,"caption":"Patagonia Biking"},"image":{"@id":"https:\/\/www.patagonia-biking.com\/#\/schema\/logo\/image\/"},"sameAs":["https:\/\/www.facebook.com\/PatagoniaBiking","https:\/\/www.instagram.com\/patagoniabiking\/"]},{"@type":"Person","@id":"https:\/\/www.patagonia-biking.com\/#\/schema\/person\/5d67a20c2e2ef06652b94ce55b6370d1","name":"Marco Guerini","image":{"@type":"ImageObject","inLanguage":"es","@id":"https:\/\/secure.gravatar.com\/avatar\/b27e81392f9243fe6a228c5fa05206200b1add6b4ffa9dc28806fbd8edf5d638?s=96&d=mm&r=g","url":"https:\/\/secure.gravatar.com\/avatar\/b27e81392f9243fe6a228c5fa05206200b1add6b4ffa9dc28806fbd8edf5d638?s=96&d=mm&r=g","contentUrl":"https:\/\/secure.gravatar.com\/avatar\/b27e81392f9243fe6a228c5fa05206200b1add6b4ffa9dc28806fbd8edf5d638?s=96&d=mm&r=g","caption":"Marco Guerini"},"url":"https:\/\/www.patagonia-biking.com\/es\/author\/marco\/"}]}},"_links":{"self":[{"href":"https:\/\/www.patagonia-biking.com\/es\/wp-json\/wp\/v2\/posts\/2573","targetHints":{"allow":["GET"]}}],"collection":[{"href":"https:\/\/www.patagonia-biking.com\/es\/wp-json\/wp\/v2\/posts"}],"about":[{"href":"https:\/\/www.patagonia-biking.com\/es\/wp-json\/wp\/v2\/types\/post"}],"author":[{"embeddable":true,"href":"https:\/\/www.patagonia-biking.com\/es\/wp-json\/wp\/v2\/users\/7"}],"replies":[{"embeddable":true,"href":"https:\/\/www.patagonia-biking.com\/es\/wp-json\/wp\/v2\/comments?post=2573"}],"version-history":[{"count":3,"href":"https:\/\/www.patagonia-biking.com\/es\/wp-json\/wp\/v2\/posts\/2573\/revisions"}],"predecessor-version":[{"id":2953,"href":"https:\/\/www.patagonia-biking.com\/es\/wp-json\/wp\/v2\/posts\/2573\/revisions\/2953"}],"wp:featuredmedia":[{"embeddable":true,"href":"https:\/\/www.patagonia-biking.com\/es\/wp-json\/wp\/v2\/media\/1934"}],"wp:attachment":[{"href":"https:\/\/www.patagonia-biking.com\/es\/wp-json\/wp\/v2\/media?parent=2573"}],"wp:term":[{"taxonomy":"category","embeddable":true,"href":"https:\/\/www.patagonia-biking.com\/es\/wp-json\/wp\/v2\/categories?post=2573"},{"taxonomy":"types","embeddable":true,"href":"https:\/\/www.patagonia-biking.com\/es\/wp-json\/wp\/v2\/types?post=2573"}],"curies":[{"name":"wp","href":"https:\/\/api.w.org\/{rel}","templated":true}]}}