{"id":2626,"date":"2014-04-10T18:47:45","date_gmt":"2014-04-10T16:47:45","guid":{"rendered":"https:\/\/www.patagonia-biking.com\/costa-rica-2\/"},"modified":"2017-03-08T20:32:15","modified_gmt":"2017-03-08T19:32:15","slug":"costa-rica-2","status":"publish","type":"post","link":"https:\/\/www.patagonia-biking.com\/es\/costa-rica-2\/","title":{"rendered":"Otra nueva edici\u00f3n de la traves\u00eda en bici por Costa Rica"},"content":{"rendered":"<p>El mes pasado realizamos un viaje en uno de los pa\u00edses m\u00e1s naturales y salvajes que existen en el planeta: Costa Rica.<\/p>\n<p>El viaje se desarrollo en una variedad geogr\u00e1fica interesante, entre volcanes, el Lago Arenal, la costa del Pacifico y una casi constante vegetaci\u00f3n tropical.<\/p>\n<p>Un recorrido divertido, con muchas subidas y bajadas, alternando tambi\u00e9n tramos en playa, con la navegaci\u00f3n del r\u00edo Sierpe, para acceder al perdido puerto Drake, desde donde iniciamos el inicio de la traves\u00eda de la Pen\u00ednsula de Osa. Para el pr\u00f3ximo a\u00f1o, pensamos repetir este recorrido y ofrecer nuevamente esta \u00abjoya de viaje\u00bb, que muchas personas se pierden por desconocer.<\/p>\n<p>Para el pr\u00f3ximo mes, ya tenemos confirmado un grupo de 7 ciclistas para realizar el viaje de Capadocia en Turqu\u00eda y todav\u00eda nos queda alg\u00fan lugar!<\/p>\n<p>Para los que desean planear con tiempo su viajes les avisamos que en octubre iremos al Tibet e Himalaya con nuestra ya cl\u00e1sica Odisea del Himalaya: Katmandu-Lhasa &#8211; (22 d\u00edas &#8211; 2 al 24 de actubre). Ya est\u00e1 abierta la inscripci\u00f3n!<\/p>\n<p>Si con tu grupo de amigos, quieren pasarla bien y realizar un viaje inolvidable: no dejes de consultarnos. Siempre estamos dispuestos para transformar tus sue\u00f1os y hacer reales tus pedaleadas en la modalidad de viajes a medida, privados.<\/p>\n<p>si desea acompa\u00f1arnos en nuestros viajes virtualmente, como siempre, los invitamos a compartir nuestras fotos!<\/p>\n","protected":false},"excerpt":{"rendered":"<p>El mes pasado realizamos un viaje en uno de los pa\u00edses m\u00e1s naturales y salvajes que existen en el planeta: Costa Rica. El viaje se desarrollo en una variedad geogr\u00e1fica interesante, entre volcanes, el Lago Arenal, la costa del Pacifico y una casi constante vegetaci\u00f3n tropical. Un recorrido divertido, con muchas subidas y bajadas, alternando [&hellip;]<\/p>\n","protected":false},"author":7,"featured_media":1524,"comment_status":"closed","ping_status":"closed","sticky":false,"template":"","format":"standard","meta":{"footnotes":""},"categories":[],"types":[46],"class_list":["post-2626","post","type-post","status-publish","format-standard","has-post-thumbnail","hentry","types-travels-es"],"yoast_head":"<!-- This site is optimized with the Yoast SEO plugin v28.2 - https:\/\/yoast.com\/product\/yoast-seo-wordpress\/ -->\n<title>Otra nueva edici\u00f3n de la traves\u00eda en bici por Costa Rica- Patagonia Biking<\/title>\n<meta name=\"description\" content=\"Otra nueva edici\u00f3n de la traves\u00eda en bici por Costa Rica bike travelPatagonia Biking Organizamos viajes de cicloturismo en Sudam\u00e9rica, Centroam\u00e9rica, Europa y Asia, descubriendo lugares remotos con naturaleza intacta y paisajes \u00fanicos.\" \/>\n<meta name=\"robots\" content=\"index, follow, max-snippet:-1, max-image-preview:large, max-video-preview:-1\" \/>\n<link rel=\"canonical\" href=\"https:\/\/www.patagonia-biking.com\/es\/costa-rica-2\/\" \/>\n<meta property=\"og:locale\" content=\"es_ES\" \/>\n<meta property=\"og:type\" content=\"article\" \/>\n<meta property=\"og:title\" content=\"Otra nueva edici\u00f3n de la traves\u00eda en bici por Costa Rica- Patagonia Biking\" \/>\n<meta property=\"og:description\" content=\"Otra nueva edici\u00f3n de la traves\u00eda en bici por Costa Rica bike travelPatagonia Biking Organizamos viajes de cicloturismo en Sudam\u00e9rica, Centroam\u00e9rica, Europa y Asia, descubriendo lugares remotos con naturaleza intacta y paisajes \u00fanicos.\" \/>\n<meta property=\"og:url\" content=\"https:\/\/www.patagonia-biking.com\/es\/costa-rica-2\/\" \/>\n<meta property=\"og:site_name\" content=\"Patagonia Biking\" \/>\n<meta property=\"article:publisher\" content=\"https:\/\/www.facebook.com\/PatagoniaBiking\" \/>\n<meta property=\"article:published_time\" content=\"2014-04-10T16:47:45+00:00\" \/>\n<meta property=\"article:modified_time\" content=\"2017-03-08T19:32:15+00:00\" \/>\n<meta property=\"og:image\" content=\"https:\/\/www.patagonia-biking.com\/wp-content\/uploads\/2014\/04\/01.jpg\" \/>\n\t<meta property=\"og:image:width\" content=\"600\" \/>\n\t<meta property=\"og:image:height\" content=\"400\" \/>\n\t<meta property=\"og:image:type\" content=\"image\/jpeg\" \/>\n<meta name=\"author\" content=\"Marco Guerini\" \/>\n<meta name=\"twitter:card\" content=\"summary_large_image\" \/>\n<meta name=\"twitter:label1\" content=\"Escrito por\" \/>\n\t<meta name=\"twitter:data1\" content=\"Marco Guerini\" \/>\n\t<meta name=\"twitter:label2\" content=\"Tiempo de lectura\" \/>\n\t<meta name=\"twitter:data2\" content=\"1 minuto\" \/>\n<script type=\"application\/ld+json\" class=\"yoast-schema-graph\">{\"@context\":\"https:\\\/\\\/schema.org\",\"@graph\":[{\"@type\":\"Article\",\"@id\":\"https:\\\/\\\/www.patagonia-biking.com\\\/es\\\/costa-rica-2\\\/#article\",\"isPartOf\":{\"@id\":\"https:\\\/\\\/www.patagonia-biking.com\\\/es\\\/costa-rica-2\\\/\"},\"author\":{\"name\":\"Marco Guerini\",\"@id\":\"https:\\\/\\\/www.patagonia-biking.com\\\/#\\\/schema\\\/person\\\/5d67a20c2e2ef06652b94ce55b6370d1\"},\"headline\":\"Otra nueva edici\u00f3n de la traves\u00eda en bici por Costa Rica\",\"datePublished\":\"2014-04-10T16:47:45+00:00\",\"dateModified\":\"2017-03-08T19:32:15+00:00\",\"mainEntityOfPage\":{\"@id\":\"https:\\\/\\\/www.patagonia-biking.com\\\/es\\\/costa-rica-2\\\/\"},\"wordCount\":255,\"publisher\":{\"@id\":\"https:\\\/\\\/www.patagonia-biking.com\\\/#organization\"},\"image\":{\"@id\":\"https:\\\/\\\/www.patagonia-biking.com\\\/es\\\/costa-rica-2\\\/#primaryimage\"},\"thumbnailUrl\":\"https:\\\/\\\/www.patagonia-biking.com\\\/wp-content\\\/uploads\\\/2014\\\/04\\\/01.jpg\",\"inLanguage\":\"es\"},{\"@type\":\"WebPage\",\"@id\":\"https:\\\/\\\/www.patagonia-biking.com\\\/es\\\/costa-rica-2\\\/\",\"url\":\"https:\\\/\\\/www.patagonia-biking.com\\\/es\\\/costa-rica-2\\\/\",\"name\":\"Otra nueva edici\u00f3n de la traves\u00eda en bici por Costa Rica- Patagonia Biking\",\"isPartOf\":{\"@id\":\"https:\\\/\\\/www.patagonia-biking.com\\\/#website\"},\"primaryImageOfPage\":{\"@id\":\"https:\\\/\\\/www.patagonia-biking.com\\\/es\\\/costa-rica-2\\\/#primaryimage\"},\"image\":{\"@id\":\"https:\\\/\\\/www.patagonia-biking.com\\\/es\\\/costa-rica-2\\\/#primaryimage\"},\"thumbnailUrl\":\"https:\\\/\\\/www.patagonia-biking.com\\\/wp-content\\\/uploads\\\/2014\\\/04\\\/01.jpg\",\"datePublished\":\"2014-04-10T16:47:45+00:00\",\"dateModified\":\"2017-03-08T19:32:15+00:00\",\"description\":\"Otra nueva edici\u00f3n de la traves\u00eda en bici por Costa Rica bike travelPatagonia Biking Organizamos viajes de cicloturismo en Sudam\u00e9rica, Centroam\u00e9rica, Europa y Asia, descubriendo lugares remotos con naturaleza intacta y paisajes \u00fanicos.\",\"breadcrumb\":{\"@id\":\"https:\\\/\\\/www.patagonia-biking.com\\\/es\\\/costa-rica-2\\\/#breadcrumb\"},\"inLanguage\":\"es\",\"potentialAction\":[{\"@type\":\"ReadAction\",\"target\":[\"https:\\\/\\\/www.patagonia-biking.com\\\/es\\\/costa-rica-2\\\/\"]}]},{\"@type\":\"ImageObject\",\"inLanguage\":\"es\",\"@id\":\"https:\\\/\\\/www.patagonia-biking.com\\\/es\\\/costa-rica-2\\\/#primaryimage\",\"url\":\"https:\\\/\\\/www.patagonia-biking.com\\\/wp-content\\\/uploads\\\/2014\\\/04\\\/01.jpg\",\"contentUrl\":\"https:\\\/\\\/www.patagonia-biking.com\\\/wp-content\\\/uploads\\\/2014\\\/04\\\/01.jpg\",\"width\":600,\"height\":400},{\"@type\":\"BreadcrumbList\",\"@id\":\"https:\\\/\\\/www.patagonia-biking.com\\\/es\\\/costa-rica-2\\\/#breadcrumb\",\"itemListElement\":[{\"@type\":\"ListItem\",\"position\":1,\"name\":\"Home\",\"item\":\"https:\\\/\\\/www.patagonia-biking.com\\\/es\\\/\"},{\"@type\":\"ListItem\",\"position\":2,\"name\":\"Otra nueva edici\u00f3n de la traves\u00eda en bici por Costa Rica\"}]},{\"@type\":\"WebSite\",\"@id\":\"https:\\\/\\\/www.patagonia-biking.com\\\/#website\",\"url\":\"https:\\\/\\\/www.patagonia-biking.com\\\/\",\"name\":\"Patagonia Biking\",\"description\":\"Organizamos viajes de cicloturismo en Sudam\u00e9rica, Centroam\u00e9rica, Europa y Asia, descubriendo lugares remotos con naturaleza intacta y paisajes \u00fanicos.\",\"publisher\":{\"@id\":\"https:\\\/\\\/www.patagonia-biking.com\\\/#organization\"},\"alternateName\":\"Patagonia-Biking.com\",\"potentialAction\":[{\"@type\":\"SearchAction\",\"target\":{\"@type\":\"EntryPoint\",\"urlTemplate\":\"https:\\\/\\\/www.patagonia-biking.com\\\/?s={search_term_string}\"},\"query-input\":{\"@type\":\"PropertyValueSpecification\",\"valueRequired\":true,\"valueName\":\"search_term_string\"}}],\"inLanguage\":\"es\"},{\"@type\":\"Organization\",\"@id\":\"https:\\\/\\\/www.patagonia-biking.com\\\/#organization\",\"name\":\"Patagonia Biking\",\"alternateName\":\"patagonia-biking.com\",\"url\":\"https:\\\/\\\/www.patagonia-biking.com\\\/\",\"logo\":{\"@type\":\"ImageObject\",\"inLanguage\":\"es\",\"@id\":\"https:\\\/\\\/www.patagonia-biking.com\\\/#\\\/schema\\\/logo\\\/image\\\/\",\"url\":\"https:\\\/\\\/i0.wp.com\\\/www.patagonia-biking.com\\\/wp-content\\\/uploads\\\/2025\\\/05\\\/Marca-x696.jpg?fit=696%2C696&ssl=1\",\"contentUrl\":\"https:\\\/\\\/i0.wp.com\\\/www.patagonia-biking.com\\\/wp-content\\\/uploads\\\/2025\\\/05\\\/Marca-x696.jpg?fit=696%2C696&ssl=1\",\"width\":696,\"height\":696,\"caption\":\"Patagonia Biking\"},\"image\":{\"@id\":\"https:\\\/\\\/www.patagonia-biking.com\\\/#\\\/schema\\\/logo\\\/image\\\/\"},\"sameAs\":[\"https:\\\/\\\/www.facebook.com\\\/PatagoniaBiking\",\"https:\\\/\\\/www.instagram.com\\\/patagoniabiking\\\/\"]},{\"@type\":\"Person\",\"@id\":\"https:\\\/\\\/www.patagonia-biking.com\\\/#\\\/schema\\\/person\\\/5d67a20c2e2ef06652b94ce55b6370d1\",\"name\":\"Marco Guerini\",\"image\":{\"@type\":\"ImageObject\",\"inLanguage\":\"es\",\"@id\":\"https:\\\/\\\/secure.gravatar.com\\\/avatar\\\/b27e81392f9243fe6a228c5fa05206200b1add6b4ffa9dc28806fbd8edf5d638?s=96&d=mm&r=g\",\"url\":\"https:\\\/\\\/secure.gravatar.com\\\/avatar\\\/b27e81392f9243fe6a228c5fa05206200b1add6b4ffa9dc28806fbd8edf5d638?s=96&d=mm&r=g\",\"contentUrl\":\"https:\\\/\\\/secure.gravatar.com\\\/avatar\\\/b27e81392f9243fe6a228c5fa05206200b1add6b4ffa9dc28806fbd8edf5d638?s=96&d=mm&r=g\",\"caption\":\"Marco Guerini\"},\"url\":\"https:\\\/\\\/www.patagonia-biking.com\\\/es\\\/author\\\/marco\\\/\"}]}<\/script>\n<!-- \/ Yoast SEO plugin. -->","yoast_head_json":{"title":"Otra nueva edici\u00f3n de la traves\u00eda en bici por Costa Rica- Patagonia Biking","description":"Otra nueva edici\u00f3n de la traves\u00eda en bici por Costa Rica bike travelPatagonia Biking Organizamos viajes de cicloturismo en Sudam\u00e9rica, Centroam\u00e9rica, Europa y Asia, descubriendo lugares remotos con naturaleza intacta y paisajes \u00fanicos.","robots":{"index":"index","follow":"follow","max-snippet":"max-snippet:-1","max-image-preview":"max-image-preview:large","max-video-preview":"max-video-preview:-1"},"canonical":"https:\/\/www.patagonia-biking.com\/es\/costa-rica-2\/","og_locale":"es_ES","og_type":"article","og_title":"Otra nueva edici\u00f3n de la traves\u00eda en bici por Costa Rica- Patagonia Biking","og_description":"Otra nueva edici\u00f3n de la traves\u00eda en bici por Costa Rica bike travelPatagonia Biking Organizamos viajes de cicloturismo en Sudam\u00e9rica, Centroam\u00e9rica, Europa y Asia, descubriendo lugares remotos con naturaleza intacta y paisajes \u00fanicos.","og_url":"https:\/\/www.patagonia-biking.com\/es\/costa-rica-2\/","og_site_name":"Patagonia Biking","article_publisher":"https:\/\/www.facebook.com\/PatagoniaBiking","article_published_time":"2014-04-10T16:47:45+00:00","article_modified_time":"2017-03-08T19:32:15+00:00","og_image":[{"width":600,"height":400,"url":"https:\/\/www.patagonia-biking.com\/wp-content\/uploads\/2014\/04\/01.jpg","type":"image\/jpeg"}],"author":"Marco Guerini","twitter_card":"summary_large_image","twitter_misc":{"Escrito por":"Marco Guerini","Tiempo de lectura":"1 minuto"},"schema":{"@context":"https:\/\/schema.org","@graph":[{"@type":"Article","@id":"https:\/\/www.patagonia-biking.com\/es\/costa-rica-2\/#article","isPartOf":{"@id":"https:\/\/www.patagonia-biking.com\/es\/costa-rica-2\/"},"author":{"name":"Marco Guerini","@id":"https:\/\/www.patagonia-biking.com\/#\/schema\/person\/5d67a20c2e2ef06652b94ce55b6370d1"},"headline":"Otra nueva edici\u00f3n de la traves\u00eda en bici por Costa Rica","datePublished":"2014-04-10T16:47:45+00:00","dateModified":"2017-03-08T19:32:15+00:00","mainEntityOfPage":{"@id":"https:\/\/www.patagonia-biking.com\/es\/costa-rica-2\/"},"wordCount":255,"publisher":{"@id":"https:\/\/www.patagonia-biking.com\/#organization"},"image":{"@id":"https:\/\/www.patagonia-biking.com\/es\/costa-rica-2\/#primaryimage"},"thumbnailUrl":"https:\/\/www.patagonia-biking.com\/wp-content\/uploads\/2014\/04\/01.jpg","inLanguage":"es"},{"@type":"WebPage","@id":"https:\/\/www.patagonia-biking.com\/es\/costa-rica-2\/","url":"https:\/\/www.patagonia-biking.com\/es\/costa-rica-2\/","name":"Otra nueva edici\u00f3n de la traves\u00eda en bici por Costa Rica- Patagonia Biking","isPartOf":{"@id":"https:\/\/www.patagonia-biking.com\/#website"},"primaryImageOfPage":{"@id":"https:\/\/www.patagonia-biking.com\/es\/costa-rica-2\/#primaryimage"},"image":{"@id":"https:\/\/www.patagonia-biking.com\/es\/costa-rica-2\/#primaryimage"},"thumbnailUrl":"https:\/\/www.patagonia-biking.com\/wp-content\/uploads\/2014\/04\/01.jpg","datePublished":"2014-04-10T16:47:45+00:00","dateModified":"2017-03-08T19:32:15+00:00","description":"Otra nueva edici\u00f3n de la traves\u00eda en bici por Costa Rica bike travelPatagonia Biking Organizamos viajes de cicloturismo en Sudam\u00e9rica, Centroam\u00e9rica, Europa y Asia, descubriendo lugares remotos con naturaleza intacta y paisajes \u00fanicos.","breadcrumb":{"@id":"https:\/\/www.patagonia-biking.com\/es\/costa-rica-2\/#breadcrumb"},"inLanguage":"es","potentialAction":[{"@type":"ReadAction","target":["https:\/\/www.patagonia-biking.com\/es\/costa-rica-2\/"]}]},{"@type":"ImageObject","inLanguage":"es","@id":"https:\/\/www.patagonia-biking.com\/es\/costa-rica-2\/#primaryimage","url":"https:\/\/www.patagonia-biking.com\/wp-content\/uploads\/2014\/04\/01.jpg","contentUrl":"https:\/\/www.patagonia-biking.com\/wp-content\/uploads\/2014\/04\/01.jpg","width":600,"height":400},{"@type":"BreadcrumbList","@id":"https:\/\/www.patagonia-biking.com\/es\/costa-rica-2\/#breadcrumb","itemListElement":[{"@type":"ListItem","position":1,"name":"Home","item":"https:\/\/www.patagonia-biking.com\/es\/"},{"@type":"ListItem","position":2,"name":"Otra nueva edici\u00f3n de la traves\u00eda en bici por Costa Rica"}]},{"@type":"WebSite","@id":"https:\/\/www.patagonia-biking.com\/#website","url":"https:\/\/www.patagonia-biking.com\/","name":"Patagonia Biking","description":"Organizamos viajes de cicloturismo en Sudam\u00e9rica, Centroam\u00e9rica, Europa y Asia, descubriendo lugares remotos con naturaleza intacta y paisajes \u00fanicos.","publisher":{"@id":"https:\/\/www.patagonia-biking.com\/#organization"},"alternateName":"Patagonia-Biking.com","potentialAction":[{"@type":"SearchAction","target":{"@type":"EntryPoint","urlTemplate":"https:\/\/www.patagonia-biking.com\/?s={search_term_string}"},"query-input":{"@type":"PropertyValueSpecification","valueRequired":true,"valueName":"search_term_string"}}],"inLanguage":"es"},{"@type":"Organization","@id":"https:\/\/www.patagonia-biking.com\/#organization","name":"Patagonia Biking","alternateName":"patagonia-biking.com","url":"https:\/\/www.patagonia-biking.com\/","logo":{"@type":"ImageObject","inLanguage":"es","@id":"https:\/\/www.patagonia-biking.com\/#\/schema\/logo\/image\/","url":"https:\/\/i0.wp.com\/www.patagonia-biking.com\/wp-content\/uploads\/2025\/05\/Marca-x696.jpg?fit=696%2C696&ssl=1","contentUrl":"https:\/\/i0.wp.com\/www.patagonia-biking.com\/wp-content\/uploads\/2025\/05\/Marca-x696.jpg?fit=696%2C696&ssl=1","width":696,"height":696,"caption":"Patagonia Biking"},"image":{"@id":"https:\/\/www.patagonia-biking.com\/#\/schema\/logo\/image\/"},"sameAs":["https:\/\/www.facebook.com\/PatagoniaBiking","https:\/\/www.instagram.com\/patagoniabiking\/"]},{"@type":"Person","@id":"https:\/\/www.patagonia-biking.com\/#\/schema\/person\/5d67a20c2e2ef06652b94ce55b6370d1","name":"Marco Guerini","image":{"@type":"ImageObject","inLanguage":"es","@id":"https:\/\/secure.gravatar.com\/avatar\/b27e81392f9243fe6a228c5fa05206200b1add6b4ffa9dc28806fbd8edf5d638?s=96&d=mm&r=g","url":"https:\/\/secure.gravatar.com\/avatar\/b27e81392f9243fe6a228c5fa05206200b1add6b4ffa9dc28806fbd8edf5d638?s=96&d=mm&r=g","contentUrl":"https:\/\/secure.gravatar.com\/avatar\/b27e81392f9243fe6a228c5fa05206200b1add6b4ffa9dc28806fbd8edf5d638?s=96&d=mm&r=g","caption":"Marco Guerini"},"url":"https:\/\/www.patagonia-biking.com\/es\/author\/marco\/"}]}},"_links":{"self":[{"href":"https:\/\/www.patagonia-biking.com\/es\/wp-json\/wp\/v2\/posts\/2626","targetHints":{"allow":["GET"]}}],"collection":[{"href":"https:\/\/www.patagonia-biking.com\/es\/wp-json\/wp\/v2\/posts"}],"about":[{"href":"https:\/\/www.patagonia-biking.com\/es\/wp-json\/wp\/v2\/types\/post"}],"author":[{"embeddable":true,"href":"https:\/\/www.patagonia-biking.com\/es\/wp-json\/wp\/v2\/users\/7"}],"replies":[{"embeddable":true,"href":"https:\/\/www.patagonia-biking.com\/es\/wp-json\/wp\/v2\/comments?post=2626"}],"version-history":[{"count":2,"href":"https:\/\/www.patagonia-biking.com\/es\/wp-json\/wp\/v2\/posts\/2626\/revisions"}],"predecessor-version":[{"id":2639,"href":"https:\/\/www.patagonia-biking.com\/es\/wp-json\/wp\/v2\/posts\/2626\/revisions\/2639"}],"wp:featuredmedia":[{"embeddable":true,"href":"https:\/\/www.patagonia-biking.com\/es\/wp-json\/wp\/v2\/media\/1524"}],"wp:attachment":[{"href":"https:\/\/www.patagonia-biking.com\/es\/wp-json\/wp\/v2\/media?parent=2626"}],"wp:term":[{"taxonomy":"category","embeddable":true,"href":"https:\/\/www.patagonia-biking.com\/es\/wp-json\/wp\/v2\/categories?post=2626"},{"taxonomy":"types","embeddable":true,"href":"https:\/\/www.patagonia-biking.com\/es\/wp-json\/wp\/v2\/types?post=2626"}],"curies":[{"name":"wp","href":"https:\/\/api.w.org\/{rel}","templated":true}]}}