{"id":3324,"date":"2009-04-01T21:06:52","date_gmt":"2009-04-01T19:06:52","guid":{"rendered":"https:\/\/www.patagonia-biking.com\/?p=3324\/"},"modified":"2017-04-01T21:11:12","modified_gmt":"2017-04-01T19:11:12","slug":"viaje-en-mountain-bike-costa-rica-2009","status":"publish","type":"post","link":"https:\/\/www.patagonia-biking.com\/es\/viaje-en-mountain-bike-costa-rica-2009\/","title":{"rendered":"Viaje en mountain bike &#8211; Costa Rica 2009"},"content":{"rendered":"<p>Hace unos d\u00edas completamos la traves\u00eda de Costa Rica con sus hermosos y naturales paisajes, variando el interior volc\u00e1nico con la costa del Pac\u00edfico.<\/p>\n<p>Iniciamos el viaje <strong>en la cima del volc\u00e1n Irazu (3430msnm)<\/strong> y pedaleamos entre los volcanes: Turrialba, Arenal y Tenorio. Con la <strong>\u00abruta de los monos\u00bb<\/strong> comenzamos la traves\u00eda de la Pen\u00ednsula de Nicoya, en donde <strong>alternamos empinadas subidas con tramos de playas.<\/strong> Llegamos justo a tiempo, para que la marea nos dejara apenas espacio, para completar pedaleando casi en el agua\u2026el tramo de Playa Ario a Santa Teresa!<\/p>\n<p>Hicimos escala en al <strong>Parque Nacional Manuel Antonio<\/strong> y Marino Ballena, entre otros.<\/p>\n<p>Para llegar a <strong>Drake<\/strong> (antiguo refugio del famoso pirata), nos embarcamos en <strong>un peque\u00f1o barquito alternando la navegaci\u00f3n por los manglares del r\u00edo Sierpe,<\/strong> con el ingreso al Oc\u00e9ano Pac\u00edfico. Desde Drake, cruzamos la <strong>Pen\u00ednsula de Osa ( el lugar m\u00e1s salvaje y con mayor biodiversidad de Costa Rica)<\/strong>, hasta las Palmas, realizando una dura y caliente trepada entre la tupida vegetaci\u00f3n.<\/p>\n<p>La hermosura de los lugares de Costa Rica fueron enaltecidos con la <strong>excelente compa\u00f1\u00eda de un lindo y divertido grupo,<\/strong> al que les agradezco su <strong>buen desempe\u00f1o y comportamiento<\/strong> para realizar los tramos en los que no era posible tener asistencia del veh\u00edculo de apoyo.<\/p>\n","protected":false},"excerpt":{"rendered":"<p>Hace unos d\u00edas completamos la traves\u00eda de Costa Rica con sus hermosos y naturales paisajes, variando el interior volc\u00e1nico con la costa del Pac\u00edfico. Iniciamos el viaje en la cima del volc\u00e1n Irazu (3430msnm) y pedaleamos entre los volcanes: Turrialba, Arenal y Tenorio. Con la \u00abruta de los monos\u00bb comenzamos la traves\u00eda de la Pen\u00ednsula [&hellip;]<\/p>\n","protected":false},"author":7,"featured_media":0,"comment_status":"closed","ping_status":"closed","sticky":false,"template":"","format":"standard","meta":{"footnotes":""},"categories":[],"types":[46],"class_list":["post-3324","post","type-post","status-publish","format-standard","hentry","types-travels-es"],"yoast_head":"<!-- This site is optimized with the Yoast SEO plugin v28.2 - https:\/\/yoast.com\/product\/yoast-seo-wordpress\/ -->\n<title>Viaje en mountain bike - Costa Rica 2009- Patagonia Biking<\/title>\n<meta name=\"description\" content=\"Viaje en mountain bike - Costa Rica 2009 bike travelPatagonia Biking Organizamos viajes de cicloturismo en Sudam\u00e9rica, Centroam\u00e9rica, Europa y Asia, descubriendo lugares remotos con naturaleza intacta y paisajes \u00fanicos.\" \/>\n<meta name=\"robots\" content=\"index, follow, max-snippet:-1, max-image-preview:large, max-video-preview:-1\" \/>\n<link rel=\"canonical\" href=\"https:\/\/www.patagonia-biking.com\/es\/viaje-en-mountain-bike-costa-rica-2009\/\" \/>\n<meta property=\"og:locale\" content=\"es_ES\" \/>\n<meta property=\"og:type\" content=\"article\" \/>\n<meta property=\"og:title\" content=\"Viaje en mountain bike - Costa Rica 2009- Patagonia Biking\" \/>\n<meta property=\"og:description\" content=\"Viaje en mountain bike - Costa Rica 2009 bike travelPatagonia Biking Organizamos viajes de cicloturismo en Sudam\u00e9rica, Centroam\u00e9rica, Europa y Asia, descubriendo lugares remotos con naturaleza intacta y paisajes \u00fanicos.\" \/>\n<meta property=\"og:url\" content=\"https:\/\/www.patagonia-biking.com\/es\/viaje-en-mountain-bike-costa-rica-2009\/\" \/>\n<meta property=\"og:site_name\" content=\"Patagonia Biking\" \/>\n<meta property=\"article:publisher\" content=\"https:\/\/www.facebook.com\/PatagoniaBiking\" \/>\n<meta property=\"article:published_time\" content=\"2009-04-01T19:06:52+00:00\" \/>\n<meta property=\"article:modified_time\" content=\"2017-04-01T19:11:12+00:00\" \/>\n<meta property=\"og:image\" content=\"https:\/\/www.patagonia-biking.com\/wp-content\/uploads\/2025\/05\/Marca-YOAST-100.jpg\" \/>\n\t<meta property=\"og:image:width\" content=\"971\" \/>\n\t<meta property=\"og:image:height\" content=\"244\" \/>\n\t<meta property=\"og:image:type\" content=\"image\/jpeg\" \/>\n<meta name=\"author\" content=\"Marco Guerini\" \/>\n<meta name=\"twitter:card\" content=\"summary_large_image\" \/>\n<meta name=\"twitter:label1\" content=\"Escrito por\" \/>\n\t<meta name=\"twitter:data1\" content=\"Marco Guerini\" \/>\n\t<meta name=\"twitter:label2\" content=\"Tiempo de lectura\" \/>\n\t<meta name=\"twitter:data2\" content=\"1 minuto\" \/>\n<script type=\"application\/ld+json\" class=\"yoast-schema-graph\">{\"@context\":\"https:\\\/\\\/schema.org\",\"@graph\":[{\"@type\":\"Article\",\"@id\":\"https:\\\/\\\/www.patagonia-biking.com\\\/es\\\/viaje-en-mountain-bike-costa-rica-2009\\\/#article\",\"isPartOf\":{\"@id\":\"https:\\\/\\\/www.patagonia-biking.com\\\/es\\\/viaje-en-mountain-bike-costa-rica-2009\\\/\"},\"author\":{\"name\":\"Marco Guerini\",\"@id\":\"https:\\\/\\\/www.patagonia-biking.com\\\/#\\\/schema\\\/person\\\/5d67a20c2e2ef06652b94ce55b6370d1\"},\"headline\":\"Viaje en mountain bike &#8211; Costa Rica 2009\",\"datePublished\":\"2009-04-01T19:06:52+00:00\",\"dateModified\":\"2017-04-01T19:11:12+00:00\",\"mainEntityOfPage\":{\"@id\":\"https:\\\/\\\/www.patagonia-biking.com\\\/es\\\/viaje-en-mountain-bike-costa-rica-2009\\\/\"},\"wordCount\":237,\"publisher\":{\"@id\":\"https:\\\/\\\/www.patagonia-biking.com\\\/#organization\"},\"inLanguage\":\"es\"},{\"@type\":\"WebPage\",\"@id\":\"https:\\\/\\\/www.patagonia-biking.com\\\/es\\\/viaje-en-mountain-bike-costa-rica-2009\\\/\",\"url\":\"https:\\\/\\\/www.patagonia-biking.com\\\/es\\\/viaje-en-mountain-bike-costa-rica-2009\\\/\",\"name\":\"Viaje en mountain bike - Costa Rica 2009- Patagonia Biking\",\"isPartOf\":{\"@id\":\"https:\\\/\\\/www.patagonia-biking.com\\\/#website\"},\"datePublished\":\"2009-04-01T19:06:52+00:00\",\"dateModified\":\"2017-04-01T19:11:12+00:00\",\"description\":\"Viaje en mountain bike - Costa Rica 2009 bike travelPatagonia Biking Organizamos viajes de cicloturismo en Sudam\u00e9rica, Centroam\u00e9rica, Europa y Asia, descubriendo lugares remotos con naturaleza intacta y paisajes \u00fanicos.\",\"breadcrumb\":{\"@id\":\"https:\\\/\\\/www.patagonia-biking.com\\\/es\\\/viaje-en-mountain-bike-costa-rica-2009\\\/#breadcrumb\"},\"inLanguage\":\"es\",\"potentialAction\":[{\"@type\":\"ReadAction\",\"target\":[\"https:\\\/\\\/www.patagonia-biking.com\\\/es\\\/viaje-en-mountain-bike-costa-rica-2009\\\/\"]}]},{\"@type\":\"BreadcrumbList\",\"@id\":\"https:\\\/\\\/www.patagonia-biking.com\\\/es\\\/viaje-en-mountain-bike-costa-rica-2009\\\/#breadcrumb\",\"itemListElement\":[{\"@type\":\"ListItem\",\"position\":1,\"name\":\"Home\",\"item\":\"https:\\\/\\\/www.patagonia-biking.com\\\/es\\\/\"},{\"@type\":\"ListItem\",\"position\":2,\"name\":\"Viaje en mountain bike &#8211; Costa Rica 2009\"}]},{\"@type\":\"WebSite\",\"@id\":\"https:\\\/\\\/www.patagonia-biking.com\\\/#website\",\"url\":\"https:\\\/\\\/www.patagonia-biking.com\\\/\",\"name\":\"Patagonia Biking\",\"description\":\"Organizamos viajes de cicloturismo en Sudam\u00e9rica, Centroam\u00e9rica, Europa y Asia, descubriendo lugares remotos con naturaleza intacta y paisajes \u00fanicos.\",\"publisher\":{\"@id\":\"https:\\\/\\\/www.patagonia-biking.com\\\/#organization\"},\"alternateName\":\"Patagonia-Biking.com\",\"potentialAction\":[{\"@type\":\"SearchAction\",\"target\":{\"@type\":\"EntryPoint\",\"urlTemplate\":\"https:\\\/\\\/www.patagonia-biking.com\\\/?s={search_term_string}\"},\"query-input\":{\"@type\":\"PropertyValueSpecification\",\"valueRequired\":true,\"valueName\":\"search_term_string\"}}],\"inLanguage\":\"es\"},{\"@type\":\"Organization\",\"@id\":\"https:\\\/\\\/www.patagonia-biking.com\\\/#organization\",\"name\":\"Patagonia Biking\",\"alternateName\":\"patagonia-biking.com\",\"url\":\"https:\\\/\\\/www.patagonia-biking.com\\\/\",\"logo\":{\"@type\":\"ImageObject\",\"inLanguage\":\"es\",\"@id\":\"https:\\\/\\\/www.patagonia-biking.com\\\/#\\\/schema\\\/logo\\\/image\\\/\",\"url\":\"https:\\\/\\\/i0.wp.com\\\/www.patagonia-biking.com\\\/wp-content\\\/uploads\\\/2025\\\/05\\\/Marca-x696.jpg?fit=696%2C696&ssl=1\",\"contentUrl\":\"https:\\\/\\\/i0.wp.com\\\/www.patagonia-biking.com\\\/wp-content\\\/uploads\\\/2025\\\/05\\\/Marca-x696.jpg?fit=696%2C696&ssl=1\",\"width\":696,\"height\":696,\"caption\":\"Patagonia Biking\"},\"image\":{\"@id\":\"https:\\\/\\\/www.patagonia-biking.com\\\/#\\\/schema\\\/logo\\\/image\\\/\"},\"sameAs\":[\"https:\\\/\\\/www.facebook.com\\\/PatagoniaBiking\",\"https:\\\/\\\/www.instagram.com\\\/patagoniabiking\\\/\"]},{\"@type\":\"Person\",\"@id\":\"https:\\\/\\\/www.patagonia-biking.com\\\/#\\\/schema\\\/person\\\/5d67a20c2e2ef06652b94ce55b6370d1\",\"name\":\"Marco Guerini\",\"image\":{\"@type\":\"ImageObject\",\"inLanguage\":\"es\",\"@id\":\"https:\\\/\\\/secure.gravatar.com\\\/avatar\\\/b27e81392f9243fe6a228c5fa05206200b1add6b4ffa9dc28806fbd8edf5d638?s=96&d=mm&r=g\",\"url\":\"https:\\\/\\\/secure.gravatar.com\\\/avatar\\\/b27e81392f9243fe6a228c5fa05206200b1add6b4ffa9dc28806fbd8edf5d638?s=96&d=mm&r=g\",\"contentUrl\":\"https:\\\/\\\/secure.gravatar.com\\\/avatar\\\/b27e81392f9243fe6a228c5fa05206200b1add6b4ffa9dc28806fbd8edf5d638?s=96&d=mm&r=g\",\"caption\":\"Marco Guerini\"},\"url\":\"https:\\\/\\\/www.patagonia-biking.com\\\/es\\\/author\\\/marco\\\/\"}]}<\/script>\n<!-- \/ Yoast SEO plugin. -->","yoast_head_json":{"title":"Viaje en mountain bike - Costa Rica 2009- Patagonia Biking","description":"Viaje en mountain bike - Costa Rica 2009 bike travelPatagonia Biking Organizamos viajes de cicloturismo en Sudam\u00e9rica, Centroam\u00e9rica, Europa y Asia, descubriendo lugares remotos con naturaleza intacta y paisajes \u00fanicos.","robots":{"index":"index","follow":"follow","max-snippet":"max-snippet:-1","max-image-preview":"max-image-preview:large","max-video-preview":"max-video-preview:-1"},"canonical":"https:\/\/www.patagonia-biking.com\/es\/viaje-en-mountain-bike-costa-rica-2009\/","og_locale":"es_ES","og_type":"article","og_title":"Viaje en mountain bike - Costa Rica 2009- Patagonia Biking","og_description":"Viaje en mountain bike - Costa Rica 2009 bike travelPatagonia Biking Organizamos viajes de cicloturismo en Sudam\u00e9rica, Centroam\u00e9rica, Europa y Asia, descubriendo lugares remotos con naturaleza intacta y paisajes \u00fanicos.","og_url":"https:\/\/www.patagonia-biking.com\/es\/viaje-en-mountain-bike-costa-rica-2009\/","og_site_name":"Patagonia Biking","article_publisher":"https:\/\/www.facebook.com\/PatagoniaBiking","article_published_time":"2009-04-01T19:06:52+00:00","article_modified_time":"2017-04-01T19:11:12+00:00","og_image":[{"width":971,"height":244,"url":"https:\/\/www.patagonia-biking.com\/wp-content\/uploads\/2025\/05\/Marca-YOAST-100.jpg","type":"image\/jpeg"}],"author":"Marco Guerini","twitter_card":"summary_large_image","twitter_misc":{"Escrito por":"Marco Guerini","Tiempo de lectura":"1 minuto"},"schema":{"@context":"https:\/\/schema.org","@graph":[{"@type":"Article","@id":"https:\/\/www.patagonia-biking.com\/es\/viaje-en-mountain-bike-costa-rica-2009\/#article","isPartOf":{"@id":"https:\/\/www.patagonia-biking.com\/es\/viaje-en-mountain-bike-costa-rica-2009\/"},"author":{"name":"Marco Guerini","@id":"https:\/\/www.patagonia-biking.com\/#\/schema\/person\/5d67a20c2e2ef06652b94ce55b6370d1"},"headline":"Viaje en mountain bike &#8211; Costa Rica 2009","datePublished":"2009-04-01T19:06:52+00:00","dateModified":"2017-04-01T19:11:12+00:00","mainEntityOfPage":{"@id":"https:\/\/www.patagonia-biking.com\/es\/viaje-en-mountain-bike-costa-rica-2009\/"},"wordCount":237,"publisher":{"@id":"https:\/\/www.patagonia-biking.com\/#organization"},"inLanguage":"es"},{"@type":"WebPage","@id":"https:\/\/www.patagonia-biking.com\/es\/viaje-en-mountain-bike-costa-rica-2009\/","url":"https:\/\/www.patagonia-biking.com\/es\/viaje-en-mountain-bike-costa-rica-2009\/","name":"Viaje en mountain bike - Costa Rica 2009- Patagonia Biking","isPartOf":{"@id":"https:\/\/www.patagonia-biking.com\/#website"},"datePublished":"2009-04-01T19:06:52+00:00","dateModified":"2017-04-01T19:11:12+00:00","description":"Viaje en mountain bike - Costa Rica 2009 bike travelPatagonia Biking Organizamos viajes de cicloturismo en Sudam\u00e9rica, Centroam\u00e9rica, Europa y Asia, descubriendo lugares remotos con naturaleza intacta y paisajes \u00fanicos.","breadcrumb":{"@id":"https:\/\/www.patagonia-biking.com\/es\/viaje-en-mountain-bike-costa-rica-2009\/#breadcrumb"},"inLanguage":"es","potentialAction":[{"@type":"ReadAction","target":["https:\/\/www.patagonia-biking.com\/es\/viaje-en-mountain-bike-costa-rica-2009\/"]}]},{"@type":"BreadcrumbList","@id":"https:\/\/www.patagonia-biking.com\/es\/viaje-en-mountain-bike-costa-rica-2009\/#breadcrumb","itemListElement":[{"@type":"ListItem","position":1,"name":"Home","item":"https:\/\/www.patagonia-biking.com\/es\/"},{"@type":"ListItem","position":2,"name":"Viaje en mountain bike &#8211; Costa Rica 2009"}]},{"@type":"WebSite","@id":"https:\/\/www.patagonia-biking.com\/#website","url":"https:\/\/www.patagonia-biking.com\/","name":"Patagonia Biking","description":"Organizamos viajes de cicloturismo en Sudam\u00e9rica, Centroam\u00e9rica, Europa y Asia, descubriendo lugares remotos con naturaleza intacta y paisajes \u00fanicos.","publisher":{"@id":"https:\/\/www.patagonia-biking.com\/#organization"},"alternateName":"Patagonia-Biking.com","potentialAction":[{"@type":"SearchAction","target":{"@type":"EntryPoint","urlTemplate":"https:\/\/www.patagonia-biking.com\/?s={search_term_string}"},"query-input":{"@type":"PropertyValueSpecification","valueRequired":true,"valueName":"search_term_string"}}],"inLanguage":"es"},{"@type":"Organization","@id":"https:\/\/www.patagonia-biking.com\/#organization","name":"Patagonia Biking","alternateName":"patagonia-biking.com","url":"https:\/\/www.patagonia-biking.com\/","logo":{"@type":"ImageObject","inLanguage":"es","@id":"https:\/\/www.patagonia-biking.com\/#\/schema\/logo\/image\/","url":"https:\/\/i0.wp.com\/www.patagonia-biking.com\/wp-content\/uploads\/2025\/05\/Marca-x696.jpg?fit=696%2C696&ssl=1","contentUrl":"https:\/\/i0.wp.com\/www.patagonia-biking.com\/wp-content\/uploads\/2025\/05\/Marca-x696.jpg?fit=696%2C696&ssl=1","width":696,"height":696,"caption":"Patagonia Biking"},"image":{"@id":"https:\/\/www.patagonia-biking.com\/#\/schema\/logo\/image\/"},"sameAs":["https:\/\/www.facebook.com\/PatagoniaBiking","https:\/\/www.instagram.com\/patagoniabiking\/"]},{"@type":"Person","@id":"https:\/\/www.patagonia-biking.com\/#\/schema\/person\/5d67a20c2e2ef06652b94ce55b6370d1","name":"Marco Guerini","image":{"@type":"ImageObject","inLanguage":"es","@id":"https:\/\/secure.gravatar.com\/avatar\/b27e81392f9243fe6a228c5fa05206200b1add6b4ffa9dc28806fbd8edf5d638?s=96&d=mm&r=g","url":"https:\/\/secure.gravatar.com\/avatar\/b27e81392f9243fe6a228c5fa05206200b1add6b4ffa9dc28806fbd8edf5d638?s=96&d=mm&r=g","contentUrl":"https:\/\/secure.gravatar.com\/avatar\/b27e81392f9243fe6a228c5fa05206200b1add6b4ffa9dc28806fbd8edf5d638?s=96&d=mm&r=g","caption":"Marco Guerini"},"url":"https:\/\/www.patagonia-biking.com\/es\/author\/marco\/"}]}},"_links":{"self":[{"href":"https:\/\/www.patagonia-biking.com\/es\/wp-json\/wp\/v2\/posts\/3324","targetHints":{"allow":["GET"]}}],"collection":[{"href":"https:\/\/www.patagonia-biking.com\/es\/wp-json\/wp\/v2\/posts"}],"about":[{"href":"https:\/\/www.patagonia-biking.com\/es\/wp-json\/wp\/v2\/types\/post"}],"author":[{"embeddable":true,"href":"https:\/\/www.patagonia-biking.com\/es\/wp-json\/wp\/v2\/users\/7"}],"replies":[{"embeddable":true,"href":"https:\/\/www.patagonia-biking.com\/es\/wp-json\/wp\/v2\/comments?post=3324"}],"version-history":[{"count":1,"href":"https:\/\/www.patagonia-biking.com\/es\/wp-json\/wp\/v2\/posts\/3324\/revisions"}],"predecessor-version":[{"id":3325,"href":"https:\/\/www.patagonia-biking.com\/es\/wp-json\/wp\/v2\/posts\/3324\/revisions\/3325"}],"wp:attachment":[{"href":"https:\/\/www.patagonia-biking.com\/es\/wp-json\/wp\/v2\/media?parent=3324"}],"wp:term":[{"taxonomy":"category","embeddable":true,"href":"https:\/\/www.patagonia-biking.com\/es\/wp-json\/wp\/v2\/categories?post=3324"},{"taxonomy":"types","embeddable":true,"href":"https:\/\/www.patagonia-biking.com\/es\/wp-json\/wp\/v2\/types?post=3324"}],"curies":[{"name":"wp","href":"https:\/\/api.w.org\/{rel}","templated":true}]}}